{"id":13821,"date":"2020-06-25T11:01:05","date_gmt":"2020-06-25T09:01:05","guid":{"rendered":"http:\/\/www.hpgasser.ch\/das-senioren-und-pflegeheim-in-engelberg-mit-mehr-licht-und-sonne\/"},"modified":"2020-12-28T15:53:49","modified_gmt":"2020-12-28T14:53:49","slug":"la-maison-de-retraite-et-de-soins-a-engelberg-avec-plus-de-lumiere-et-de-soleil","status":"publish","type":"post","link":"https:\/\/www.hpgasser.ch\/fr\/la-maison-de-retraite-et-de-soins-a-engelberg-avec-plus-de-lumiere-et-de-soleil\/","title":{"rendered":"La maison de retraite et de soins \u00e0 Engelberg avec plus de lumi\u00e8re et de soleil"},"content":{"rendered":"\n<h4>Comment la nouvelle extension de la maison de retraite et de soins est devenue un v\u00e9ritable cristal de roche<\/h4>\n\n\n\n<p class=\"has-drop-cap\">Dans le cadre d&#8217;un concours d&#8217;architecture, le projet d&#8217;am\u00e9nagement &#8220;Bergkristall&#8221; a \u00e9t\u00e9 choisi comme gagnant par le jury et recommand\u00e9 pour la mise en \u0153uvre. Il s&#8217;agit d&#8217;une nouvelle extension d&#8217;une maison de retraite et de soins \u00e0 Engelberg, qui rappelle un cristal de roche m\u00eame dans sa forme brute. Cependant, le diamant brut architectural n&#8217;est devenu un v\u00e9ritable cristal qu&#8217;avec l&#8217;extraordinaire \u00e9l\u00e9ment de fen\u00eatre de toit de HP Gasser AG de Lungern.<\/p>\n\n\n\n<p>Tout le monde sait que la lumi\u00e8re, l&#8217;air et le soleil sont essentiels \u00e0 la vie humaine. Et m\u00eame les citoyens \u00e2g\u00e9s ont un grand d\u00e9sir de lumi\u00e8re et de soleil et sont r\u00e9ticents \u00e0 se terrer dans des pi\u00e8ces et des couloirs sombres. Apr\u00e8s tout, le soleil et m\u00eame la lumi\u00e8re du jour font en sorte que le corps lib\u00e8re des hormones importantes et stimule la production de certaines substances dans l&#8217;organisme. En somme, la lumi\u00e8re du jour nous fait nous sentir mieux, plus \u00e9quilibr\u00e9 et plus plein de vie. Au plus tard apr\u00e8s un long hiver sombre, cela est \u00e9galement ressenti par les personnes qui sont autrement moins souvent au soleil.<\/p>\n\n\n\n<div style=\"height:20px\" aria-hidden=\"true\" class=\"wp-block-spacer\"><\/div>\n\n\n\n<figure class=\"wp-block-image wp-block-gallery columns-1 is-cropped\"><img loading=\"lazy\" width=\"683\" height=\"1024\" src=\"https:\/\/www.hpgasser.ch\/wp-content\/uploads\/2020\/06\/hp_gasser_ag_alters_und_pflegeheim_erlenhaus_engelberg_1865-b-1-683x1024.jpg\" alt=\"\" class=\"wp-image-9935\" srcset=\"https:\/\/www.hpgasser.ch\/wp-content\/uploads\/2020\/06\/hp_gasser_ag_alters_und_pflegeheim_erlenhaus_engelberg_1865-b-1-683x1024.jpg 683w, https:\/\/www.hpgasser.ch\/wp-content\/uploads\/2020\/06\/hp_gasser_ag_alters_und_pflegeheim_erlenhaus_engelberg_1865-b-1-scaled-600x900.jpg 600w, https:\/\/www.hpgasser.ch\/wp-content\/uploads\/2020\/06\/hp_gasser_ag_alters_und_pflegeheim_erlenhaus_engelberg_1865-b-1-200x300.jpg 200w, https:\/\/www.hpgasser.ch\/wp-content\/uploads\/2020\/06\/hp_gasser_ag_alters_und_pflegeheim_erlenhaus_engelberg_1865-b-1-768x1152.jpg 768w, https:\/\/www.hpgasser.ch\/wp-content\/uploads\/2020\/06\/hp_gasser_ag_alters_und_pflegeheim_erlenhaus_engelberg_1865-b-1-1024x1536.jpg 1024w, https:\/\/www.hpgasser.ch\/wp-content\/uploads\/2020\/06\/hp_gasser_ag_alters_und_pflegeheim_erlenhaus_engelberg_1865-b-1-125x187.jpg 125w, https:\/\/www.hpgasser.ch\/wp-content\/uploads\/2020\/06\/hp_gasser_ag_alters_und_pflegeheim_erlenhaus_engelberg_1865-b-1-scaled.jpg 1706w\" sizes=\"(max-width: 683px) 100vw, 683px\" \/><\/figure>\n\n\n\n<div style=\"height:20px\" aria-hidden=\"true\" class=\"wp-block-spacer\"><\/div>\n\n\n\n<p>Une nouvelle \u00e8re s&#8217;est ouverte pour les seniors d&#8217;Engelberg dans le &#8220;Bergkristall&#8221;. Le nouveau b\u00e2timent a \u00e9t\u00e9 con\u00e7u pour accueillir des appartements de retraite et offre un point fort architectural avec l&#8217;escalier int\u00e9rieur adapt\u00e9 aux personnes \u00e2g\u00e9es. HP Gasser AG a vraiment mis le paquet sur toute cette affaire. Toutefois, le &#8220;Bergkristall&#8221; ne sera pas utilis\u00e9 pour la vie de retraite tant que la r\u00e9novation de l&#8217;espace de soins du b\u00e2timent principal n&#8217;aura pas \u00e9t\u00e9 achev\u00e9e avec succ\u00e8s. D&#8217;ici l\u00e0, les personnes \u00e2g\u00e9es ayant besoin de soins peuvent \u00e9galement b\u00e9n\u00e9ficier des avantages du &#8220;Bergkristall&#8221;.<\/p>\n\n\n\n<p>Cette couronne est un \u00e9l\u00e9ment de lucarne \u00e0 grande \u00e9chelle qui n&#8217;est pas seulement sp\u00e9cial par ses dimensions. La forme rappelle aussi fortement celle d&#8217;un cristal de roche et met ainsi habilement en \u0153uvre l&#8217;id\u00e9e de base du projet architectural. L&#8217;effet de ce vitrage fixe est d&#8217;apporter beaucoup de lumi\u00e8re dans le couloir central, qui ressemble maintenant \u00e0 une grande cour int\u00e9rieure bien \u00e9clair\u00e9e. Ici, les r\u00e9sidents peuvent profiter de la lumi\u00e8re et du soleil \u00e0 grande \u00e9chelle et en m\u00eame temps profiter d&#8217;une attitude \u00e0 l&#8217;\u00e9gard de la vie qui est essentiellement bas\u00e9e sur la luminosit\u00e9 amicale d&#8217;un atrium.<\/p>\n\n\n\n<div style=\"height:20px\" aria-hidden=\"true\" class=\"wp-block-spacer\"><\/div>\n\n\n\n<figure class=\"wp-block-image size-large\"><img loading=\"lazy\" width=\"1024\" height=\"683\" src=\"https:\/\/www.hpgasser.ch\/wp-content\/uploads\/2020\/06\/hp_gasser_ag_alters_und_pflegeheim_erlenhaus_engelberg_2062-b-1-1024x683.jpg\" alt=\"\" class=\"wp-image-9939\" srcset=\"https:\/\/www.hpgasser.ch\/wp-content\/uploads\/2020\/06\/hp_gasser_ag_alters_und_pflegeheim_erlenhaus_engelberg_2062-b-1-1024x683.jpg 1024w, https:\/\/www.hpgasser.ch\/wp-content\/uploads\/2020\/06\/hp_gasser_ag_alters_und_pflegeheim_erlenhaus_engelberg_2062-b-1-scaled-600x400.jpg 600w, https:\/\/www.hpgasser.ch\/wp-content\/uploads\/2020\/06\/hp_gasser_ag_alters_und_pflegeheim_erlenhaus_engelberg_2062-b-1-300x200.jpg 300w, https:\/\/www.hpgasser.ch\/wp-content\/uploads\/2020\/06\/hp_gasser_ag_alters_und_pflegeheim_erlenhaus_engelberg_2062-b-1-768x512.jpg 768w, https:\/\/www.hpgasser.ch\/wp-content\/uploads\/2020\/06\/hp_gasser_ag_alters_und_pflegeheim_erlenhaus_engelberg_2062-b-1-1536x1024.jpg 1536w, https:\/\/www.hpgasser.ch\/wp-content\/uploads\/2020\/06\/hp_gasser_ag_alters_und_pflegeheim_erlenhaus_engelberg_2062-b-1-280x187.jpg 280w, https:\/\/www.hpgasser.ch\/wp-content\/uploads\/2020\/06\/hp_gasser_ag_alters_und_pflegeheim_erlenhaus_engelberg_2062-b-1-1350x900.jpg 1350w\" sizes=\"(max-width: 1024px) 100vw, 1024px\" \/><\/figure>\n\n\n\n<div style=\"height:20px\" aria-hidden=\"true\" class=\"wp-block-spacer\"><\/div>\n\n\n\n<p>Avec l&#8217;\u00e9l\u00e9ment de fen\u00eatre situ\u00e9 sur le toit du &#8220;Bergkristall&#8221;, HP Gasser a prouv\u00e9 une fois de plus qu&#8217;elle peut toujours cr\u00e9er des solutions de haute qualit\u00e9 et d&#8217;excellence, m\u00eame loin de toute norme. La condition pr\u00e9alable est non seulement l&#8217;excellence de la planification, mais aussi l&#8217;exp\u00e9rience des artisans dans les halls de production et la comp\u00e9tence des monteurs sur le chantier. Parce qu&#8217;il n&#8217;y a pas de substitut \u00e0 une bonne lumi\u00e8re du jour.<\/p>\n\n\n\n<p><\/p>\n","protected":false},"excerpt":{"rendered":"<p>Comment la nouvelle extension de la maison de retraite et de soins est devenue un v\u00e9ritable cristal de roche Dans le cadre d&#8217;un concours d&#8217;architecture, le projet d&#8217;am\u00e9nagement &#8220;Bergkristall&#8221; a \u00e9t\u00e9 choisi comme gagnant par le jury et recommand\u00e9 pour la mise en \u0153uvre. Il s&#8217;agit d&#8217;une nouvelle extension d&#8217;une maison de retraite et de<\/p>\n","protected":false},"author":11,"featured_media":9923,"comment_status":"open","ping_status":"closed","sticky":false,"template":"","format":"standard","meta":[],"categories":[2638],"tags":[2810,2712,2850,2824],"_links":{"self":[{"href":"https:\/\/www.hpgasser.ch\/fr\/wp-json\/wp\/v2\/posts\/13821"}],"collection":[{"href":"https:\/\/www.hpgasser.ch\/fr\/wp-json\/wp\/v2\/posts"}],"about":[{"href":"https:\/\/www.hpgasser.ch\/fr\/wp-json\/wp\/v2\/types\/post"}],"author":[{"embeddable":true,"href":"https:\/\/www.hpgasser.ch\/fr\/wp-json\/wp\/v2\/users\/11"}],"replies":[{"embeddable":true,"href":"https:\/\/www.hpgasser.ch\/fr\/wp-json\/wp\/v2\/comments?post=13821"}],"version-history":[{"count":0,"href":"https:\/\/www.hpgasser.ch\/fr\/wp-json\/wp\/v2\/posts\/13821\/revisions"}],"wp:featuredmedia":[{"embeddable":true,"href":"https:\/\/www.hpgasser.ch\/fr\/wp-json\/wp\/v2\/media\/9923"}],"wp:attachment":[{"href":"https:\/\/www.hpgasser.ch\/fr\/wp-json\/wp\/v2\/media?parent=13821"}],"wp:term":[{"taxonomy":"category","embeddable":true,"href":"https:\/\/www.hpgasser.ch\/fr\/wp-json\/wp\/v2\/categories?post=13821"},{"taxonomy":"post_tag","embeddable":true,"href":"https:\/\/www.hpgasser.ch\/fr\/wp-json\/wp\/v2\/tags?post=13821"}],"curies":[{"name":"wp","href":"https:\/\/api.w.org\/{rel}","templated":true}]}}